{"id":101,"date":"2024-05-08T22:34:00","date_gmt":"2024-05-09T03:34:00","guid":{"rendered":"https:\/\/pdot.putumayo.gob.ec\/?p=101"},"modified":"2024-08-26T22:36:12","modified_gmt":"2024-08-27T03:36:12","slug":"asamblea-de-vision-territorial-realizada-en-la-cabecera-parroquial-puerto-rodriguez","status":"publish","type":"post","link":"https:\/\/pdot.putumayo.gob.ec\/?p=101","title":{"rendered":"Asamblea de visi\u00f3n territorial realizada en la cabecera parroquial Puerto Rodriguez"},"content":{"rendered":"\n<p>El mi\u00e9rcoles 8 de mayo del 2024, siendo las 10h00 en la cancha cubierta de Puerto Rodr\u00edguez, se realiz\u00f3 el taller de visi\u00f3n territorial con actores sociales, autoridades, l\u00edderes barriales, comunidades, organizaciones sociales, pol\u00edticas y productivas y poblaci\u00f3n en general, para la Actualizaci\u00f3n del Plan de Desarrollo y Ordenamiento Territorial, as\u00ed como del Plan de Uso y Gesti\u00f3n del Suelo del Cant\u00f3n, recabando de manera participativa los problemas y potencialidades presentes en la parroquia, para nutrir el an\u00e1lisis territorial y obtener una visi\u00f3n actualizada y precisa de la situaci\u00f3n del cant\u00f3n Putumayo.<\/p>\n\n\n\n<figure class=\"wp-block-gallery has-nested-images columns-default is-cropped wp-block-gallery-4 is-layout-flex wp-block-gallery-is-layout-flex\">\n<figure class=\"wp-block-image size-large wp-duotone-unset-1\"><img fetchpriority=\"high\" decoding=\"async\" width=\"1024\" height=\"683\" data-id=\"103\" src=\"https:\/\/pdot.putumayo.gob.ec\/wp-content\/uploads\/2024\/08\/XIV04931-1024x683.jpg\" alt=\"\" class=\"wp-image-103\" srcset=\"https:\/\/pdot.putumayo.gob.ec\/wp-content\/uploads\/2024\/08\/XIV04931-1024x683.jpg 1024w, https:\/\/pdot.putumayo.gob.ec\/wp-content\/uploads\/2024\/08\/XIV04931-300x200.jpg 300w, https:\/\/pdot.putumayo.gob.ec\/wp-content\/uploads\/2024\/08\/XIV04931-768x512.jpg 768w, https:\/\/pdot.putumayo.gob.ec\/wp-content\/uploads\/2024\/08\/XIV04931-1536x1024.jpg 1536w, https:\/\/pdot.putumayo.gob.ec\/wp-content\/uploads\/2024\/08\/XIV04931.jpg 1920w\" sizes=\"(max-width: 1024px) 100vw, 1024px\" \/><\/figure>\n\n\n\n<figure class=\"wp-block-image size-large wp-duotone-unset-2\"><img decoding=\"async\" width=\"1024\" height=\"683\" data-id=\"104\" src=\"https:\/\/pdot.putumayo.gob.ec\/wp-content\/uploads\/2024\/08\/XIV04986-1024x683.jpg\" alt=\"\" class=\"wp-image-104\" srcset=\"https:\/\/pdot.putumayo.gob.ec\/wp-content\/uploads\/2024\/08\/XIV04986-1024x683.jpg 1024w, https:\/\/pdot.putumayo.gob.ec\/wp-content\/uploads\/2024\/08\/XIV04986-300x200.jpg 300w, https:\/\/pdot.putumayo.gob.ec\/wp-content\/uploads\/2024\/08\/XIV04986-768x512.jpg 768w, https:\/\/pdot.putumayo.gob.ec\/wp-content\/uploads\/2024\/08\/XIV04986-1536x1024.jpg 1536w, https:\/\/pdot.putumayo.gob.ec\/wp-content\/uploads\/2024\/08\/XIV04986.jpg 1920w\" sizes=\"(max-width: 1024px) 100vw, 1024px\" \/><\/figure>\n\n\n\n<figure class=\"wp-block-image size-large wp-duotone-unset-3\"><img decoding=\"async\" width=\"1024\" height=\"683\" data-id=\"105\" src=\"https:\/\/pdot.putumayo.gob.ec\/wp-content\/uploads\/2024\/08\/XIV04878-1024x683.jpg\" alt=\"\" class=\"wp-image-105\" srcset=\"https:\/\/pdot.putumayo.gob.ec\/wp-content\/uploads\/2024\/08\/XIV04878-1024x683.jpg 1024w, https:\/\/pdot.putumayo.gob.ec\/wp-content\/uploads\/2024\/08\/XIV04878-300x200.jpg 300w, https:\/\/pdot.putumayo.gob.ec\/wp-content\/uploads\/2024\/08\/XIV04878-768x512.jpg 768w, https:\/\/pdot.putumayo.gob.ec\/wp-content\/uploads\/2024\/08\/XIV04878-1536x1024.jpg 1536w, https:\/\/pdot.putumayo.gob.ec\/wp-content\/uploads\/2024\/08\/XIV04878.jpg 1920w\" sizes=\"(max-width: 1024px) 100vw, 1024px\" \/><\/figure>\n<\/figure>\n","protected":false},"excerpt":{"rendered":"<p>El mi\u00e9rcoles 8 de mayo del 2024, siendo las 10h00 en la cancha cubierta de Puerto Rodr\u00edguez, se realiz\u00f3 el taller de visi\u00f3n territorial con actores sociales, autoridades, l\u00edderes barriales, comunidades, organizaciones sociales, pol\u00edticas y productivas y poblaci\u00f3n en general, para la Actualizaci\u00f3n del Plan de Desarrollo y Ordenamiento Territorial, as\u00ed como del Plan de [&hellip;]<\/p>\n","protected":false},"author":1,"featured_media":102,"comment_status":"open","ping_status":"open","sticky":false,"template":"","format":"standard","meta":{"footnotes":""},"categories":[4],"tags":[],"class_list":["post-101","post","type-post","status-publish","format-standard","has-post-thumbnail","hentry","category-noticias"],"_links":{"self":[{"href":"https:\/\/pdot.putumayo.gob.ec\/index.php?rest_route=\/wp\/v2\/posts\/101","targetHints":{"allow":["GET"]}}],"collection":[{"href":"https:\/\/pdot.putumayo.gob.ec\/index.php?rest_route=\/wp\/v2\/posts"}],"about":[{"href":"https:\/\/pdot.putumayo.gob.ec\/index.php?rest_route=\/wp\/v2\/types\/post"}],"author":[{"embeddable":true,"href":"https:\/\/pdot.putumayo.gob.ec\/index.php?rest_route=\/wp\/v2\/users\/1"}],"replies":[{"embeddable":true,"href":"https:\/\/pdot.putumayo.gob.ec\/index.php?rest_route=%2Fwp%2Fv2%2Fcomments&post=101"}],"version-history":[{"count":1,"href":"https:\/\/pdot.putumayo.gob.ec\/index.php?rest_route=\/wp\/v2\/posts\/101\/revisions"}],"predecessor-version":[{"id":106,"href":"https:\/\/pdot.putumayo.gob.ec\/index.php?rest_route=\/wp\/v2\/posts\/101\/revisions\/106"}],"wp:featuredmedia":[{"embeddable":true,"href":"https:\/\/pdot.putumayo.gob.ec\/index.php?rest_route=\/wp\/v2\/media\/102"}],"wp:attachment":[{"href":"https:\/\/pdot.putumayo.gob.ec\/index.php?rest_route=%2Fwp%2Fv2%2Fmedia&parent=101"}],"wp:term":[{"taxonomy":"category","embeddable":true,"href":"https:\/\/pdot.putumayo.gob.ec\/index.php?rest_route=%2Fwp%2Fv2%2Fcategories&post=101"},{"taxonomy":"post_tag","embeddable":true,"href":"https:\/\/pdot.putumayo.gob.ec\/index.php?rest_route=%2Fwp%2Fv2%2Ftags&post=101"}],"curies":[{"name":"wp","href":"https:\/\/api.w.org\/{rel}","templated":true}]}}