{"id":113,"date":"2024-05-06T22:37:00","date_gmt":"2024-05-07T03:37:00","guid":{"rendered":"https:\/\/pdot.putumayo.gob.ec\/?p=113"},"modified":"2024-08-27T02:17:13","modified_gmt":"2024-08-27T07:17:13","slug":"asamblea-de-vision-territorial-realizada-en-la-cabecera-cantonal-puerto-el-carmen","status":"publish","type":"post","link":"https:\/\/pdot.putumayo.gob.ec\/?p=113","title":{"rendered":"Asamblea de visi\u00f3n territorial realizada en la cabecera cantonal Puerto El Carmen"},"content":{"rendered":"\n<p>El lunes 6 de mayo del 2024, siendo las 09h00 en la Cancha cubierta de la cabecera cantonal Puerto El Carmen, se llev\u00f3 a cabo el taller de visi\u00f3n territorial del cant\u00f3n Putumayo, en donde el equipo consultor TeamSerconsu junto a actores sociales, autoridades, l\u00edderes barriales, comunidades, organizaciones sociales, pol\u00edticas y productivasy poblaci\u00f3n en general, realizaron la Asamblea ciudadana para la Actualizaci\u00f3n del Plan de Desarrollo y Ordenamiento Territorial y del Plan de Uso y Gesti\u00f3n del Suelo del Cant\u00f3n, en donde participativamente se levantaron las problem\u00e1ticas y potencialidades del territorio, para nutrir el diagn\u00f3stico territorial, y as\u00ed generar una visi\u00f3n actualizada y precisa del la situaci\u00f3n actual del cant\u00f3n Putumayo.<\/p>\n\n\n\n<figure class=\"wp-block-gallery has-nested-images columns-default is-cropped wp-block-gallery-4 is-layout-flex wp-block-gallery-is-layout-flex\">\n<figure class=\"wp-block-image size-large wp-duotone-unset-1\"><img fetchpriority=\"high\" decoding=\"async\" width=\"1024\" height=\"683\" data-id=\"115\" src=\"https:\/\/pdot.putumayo.gob.ec\/wp-content\/uploads\/2024\/08\/XIV04561-1024x683.jpg\" alt=\"\" class=\"wp-image-115\" srcset=\"https:\/\/pdot.putumayo.gob.ec\/wp-content\/uploads\/2024\/08\/XIV04561-1024x683.jpg 1024w, https:\/\/pdot.putumayo.gob.ec\/wp-content\/uploads\/2024\/08\/XIV04561-300x200.jpg 300w, https:\/\/pdot.putumayo.gob.ec\/wp-content\/uploads\/2024\/08\/XIV04561-768x512.jpg 768w, https:\/\/pdot.putumayo.gob.ec\/wp-content\/uploads\/2024\/08\/XIV04561-1536x1024.jpg 1536w, https:\/\/pdot.putumayo.gob.ec\/wp-content\/uploads\/2024\/08\/XIV04561.jpg 1920w\" sizes=\"(max-width: 1024px) 100vw, 1024px\" \/><\/figure>\n\n\n\n<figure class=\"wp-block-image size-large wp-duotone-unset-2\"><img decoding=\"async\" width=\"1024\" height=\"683\" data-id=\"116\" src=\"https:\/\/pdot.putumayo.gob.ec\/wp-content\/uploads\/2024\/08\/XIV04619-1024x683.jpg\" alt=\"\" class=\"wp-image-116\" srcset=\"https:\/\/pdot.putumayo.gob.ec\/wp-content\/uploads\/2024\/08\/XIV04619-1024x683.jpg 1024w, https:\/\/pdot.putumayo.gob.ec\/wp-content\/uploads\/2024\/08\/XIV04619-300x200.jpg 300w, https:\/\/pdot.putumayo.gob.ec\/wp-content\/uploads\/2024\/08\/XIV04619-768x512.jpg 768w, https:\/\/pdot.putumayo.gob.ec\/wp-content\/uploads\/2024\/08\/XIV04619-1536x1024.jpg 1536w, https:\/\/pdot.putumayo.gob.ec\/wp-content\/uploads\/2024\/08\/XIV04619.jpg 1920w\" sizes=\"(max-width: 1024px) 100vw, 1024px\" \/><\/figure>\n\n\n\n<figure class=\"wp-block-image size-large wp-duotone-unset-3\"><img decoding=\"async\" width=\"1024\" height=\"683\" data-id=\"117\" src=\"https:\/\/pdot.putumayo.gob.ec\/wp-content\/uploads\/2024\/08\/XIV04644-1024x683.jpg\" alt=\"\" class=\"wp-image-117\" srcset=\"https:\/\/pdot.putumayo.gob.ec\/wp-content\/uploads\/2024\/08\/XIV04644-1024x683.jpg 1024w, https:\/\/pdot.putumayo.gob.ec\/wp-content\/uploads\/2024\/08\/XIV04644-300x200.jpg 300w, https:\/\/pdot.putumayo.gob.ec\/wp-content\/uploads\/2024\/08\/XIV04644-768x512.jpg 768w, https:\/\/pdot.putumayo.gob.ec\/wp-content\/uploads\/2024\/08\/XIV04644-1536x1024.jpg 1536w, https:\/\/pdot.putumayo.gob.ec\/wp-content\/uploads\/2024\/08\/XIV04644.jpg 1920w\" sizes=\"(max-width: 1024px) 100vw, 1024px\" \/><\/figure>\n<\/figure>\n","protected":false},"excerpt":{"rendered":"<p>El lunes 6 de mayo del 2024, siendo las 09h00 en la Cancha cubierta de la cabecera cantonal Puerto El Carmen, se llev\u00f3 a cabo el taller de visi\u00f3n territorial del cant\u00f3n Putumayo, en donde el equipo consultor TeamSerconsu junto a actores sociales, autoridades, l\u00edderes barriales, comunidades, organizaciones sociales, pol\u00edticas y productivasy poblaci\u00f3n en general, [&hellip;]<\/p>\n","protected":false},"author":1,"featured_media":270,"comment_status":"open","ping_status":"open","sticky":false,"template":"","format":"standard","meta":{"footnotes":""},"categories":[4],"tags":[],"class_list":["post-113","post","type-post","status-publish","format-standard","has-post-thumbnail","hentry","category-noticias"],"_links":{"self":[{"href":"https:\/\/pdot.putumayo.gob.ec\/index.php?rest_route=\/wp\/v2\/posts\/113","targetHints":{"allow":["GET"]}}],"collection":[{"href":"https:\/\/pdot.putumayo.gob.ec\/index.php?rest_route=\/wp\/v2\/posts"}],"about":[{"href":"https:\/\/pdot.putumayo.gob.ec\/index.php?rest_route=\/wp\/v2\/types\/post"}],"author":[{"embeddable":true,"href":"https:\/\/pdot.putumayo.gob.ec\/index.php?rest_route=\/wp\/v2\/users\/1"}],"replies":[{"embeddable":true,"href":"https:\/\/pdot.putumayo.gob.ec\/index.php?rest_route=%2Fwp%2Fv2%2Fcomments&post=113"}],"version-history":[{"count":1,"href":"https:\/\/pdot.putumayo.gob.ec\/index.php?rest_route=\/wp\/v2\/posts\/113\/revisions"}],"predecessor-version":[{"id":118,"href":"https:\/\/pdot.putumayo.gob.ec\/index.php?rest_route=\/wp\/v2\/posts\/113\/revisions\/118"}],"wp:featuredmedia":[{"embeddable":true,"href":"https:\/\/pdot.putumayo.gob.ec\/index.php?rest_route=\/wp\/v2\/media\/270"}],"wp:attachment":[{"href":"https:\/\/pdot.putumayo.gob.ec\/index.php?rest_route=%2Fwp%2Fv2%2Fmedia&parent=113"}],"wp:term":[{"taxonomy":"category","embeddable":true,"href":"https:\/\/pdot.putumayo.gob.ec\/index.php?rest_route=%2Fwp%2Fv2%2Fcategories&post=113"},{"taxonomy":"post_tag","embeddable":true,"href":"https:\/\/pdot.putumayo.gob.ec\/index.php?rest_route=%2Fwp%2Fv2%2Ftags&post=113"}],"curies":[{"name":"wp","href":"https:\/\/api.w.org\/{rel}","templated":true}]}}