{"id":83,"date":"2024-05-21T22:25:00","date_gmt":"2024-05-22T03:25:00","guid":{"rendered":"https:\/\/pdot.putumayo.gob.ec\/?p=83"},"modified":"2024-08-26T22:27:31","modified_gmt":"2024-08-27T03:27:31","slug":"asamblea-de-vision-territorial-realizada-en-la-cabecera-parroquial-santa-elena","status":"publish","type":"post","link":"https:\/\/pdot.putumayo.gob.ec\/?p=83","title":{"rendered":"Asamblea de visi\u00f3n territorial realizada en la cabecera parroquial Santa Elena"},"content":{"rendered":"\n<p>El martes 21 de mayo del 2024, en horas de la ma\u00f1ana en la cancha cubierta de Santa Elena, se desarroll\u00f3 el taller de visi\u00f3n territorial con actores sociales, autoridades, l\u00edderes barriales, comunidades, organizaciones sociales, pol\u00edticas y productivas y poblaci\u00f3n en general, para la Actualizaci\u00f3n del Plan de Desarrollo y Ordenamiento Territorial, as\u00ed como del Plan de Uso y Gesti\u00f3n del Suelo del Cant\u00f3n, para recabar de manera participativa los problemas y potencialidades presentes en la parroquia, para nutrir el an\u00e1lisis territorial y obtener una visi\u00f3n actualizada de la realidad del cant\u00f3n Putumayo.<\/p>\n\n\n\n<figure class=\"wp-block-gallery has-nested-images columns-default is-cropped wp-block-gallery-4 is-layout-flex wp-block-gallery-is-layout-flex\">\n<figure class=\"wp-block-image size-large wp-duotone-unset-1\"><img fetchpriority=\"high\" decoding=\"async\" width=\"1024\" height=\"683\" data-id=\"85\" src=\"https:\/\/pdot.putumayo.gob.ec\/wp-content\/uploads\/2024\/08\/XIV05913-1024x683.jpg\" alt=\"\" class=\"wp-image-85\" srcset=\"https:\/\/pdot.putumayo.gob.ec\/wp-content\/uploads\/2024\/08\/XIV05913-1024x683.jpg 1024w, https:\/\/pdot.putumayo.gob.ec\/wp-content\/uploads\/2024\/08\/XIV05913-300x200.jpg 300w, https:\/\/pdot.putumayo.gob.ec\/wp-content\/uploads\/2024\/08\/XIV05913-768x512.jpg 768w, https:\/\/pdot.putumayo.gob.ec\/wp-content\/uploads\/2024\/08\/XIV05913-1536x1024.jpg 1536w, https:\/\/pdot.putumayo.gob.ec\/wp-content\/uploads\/2024\/08\/XIV05913-2048x1365.jpg 2048w\" sizes=\"(max-width: 1024px) 100vw, 1024px\" \/><\/figure>\n\n\n\n<figure class=\"wp-block-image size-large wp-duotone-unset-2\"><img decoding=\"async\" width=\"1024\" height=\"683\" data-id=\"86\" src=\"https:\/\/pdot.putumayo.gob.ec\/wp-content\/uploads\/2024\/08\/XIV05804-1024x683.jpg\" alt=\"\" class=\"wp-image-86\" srcset=\"https:\/\/pdot.putumayo.gob.ec\/wp-content\/uploads\/2024\/08\/XIV05804-1024x683.jpg 1024w, https:\/\/pdot.putumayo.gob.ec\/wp-content\/uploads\/2024\/08\/XIV05804-300x200.jpg 300w, https:\/\/pdot.putumayo.gob.ec\/wp-content\/uploads\/2024\/08\/XIV05804-768x512.jpg 768w, https:\/\/pdot.putumayo.gob.ec\/wp-content\/uploads\/2024\/08\/XIV05804-1536x1024.jpg 1536w, https:\/\/pdot.putumayo.gob.ec\/wp-content\/uploads\/2024\/08\/XIV05804-2048x1365.jpg 2048w\" sizes=\"(max-width: 1024px) 100vw, 1024px\" \/><\/figure>\n\n\n\n<figure class=\"wp-block-image size-large wp-duotone-unset-3\"><img decoding=\"async\" width=\"1024\" height=\"683\" data-id=\"87\" src=\"https:\/\/pdot.putumayo.gob.ec\/wp-content\/uploads\/2024\/08\/XIV05845-1024x683.jpg\" alt=\"\" class=\"wp-image-87\" srcset=\"https:\/\/pdot.putumayo.gob.ec\/wp-content\/uploads\/2024\/08\/XIV05845-1024x683.jpg 1024w, https:\/\/pdot.putumayo.gob.ec\/wp-content\/uploads\/2024\/08\/XIV05845-300x200.jpg 300w, https:\/\/pdot.putumayo.gob.ec\/wp-content\/uploads\/2024\/08\/XIV05845-768x512.jpg 768w, https:\/\/pdot.putumayo.gob.ec\/wp-content\/uploads\/2024\/08\/XIV05845-1536x1024.jpg 1536w, https:\/\/pdot.putumayo.gob.ec\/wp-content\/uploads\/2024\/08\/XIV05845-2048x1366.jpg 2048w\" sizes=\"(max-width: 1024px) 100vw, 1024px\" \/><\/figure>\n<\/figure>\n","protected":false},"excerpt":{"rendered":"<p>El martes 21 de mayo del 2024, en horas de la ma\u00f1ana en la cancha cubierta de Santa Elena, se desarroll\u00f3 el taller de visi\u00f3n territorial con actores sociales, autoridades, l\u00edderes barriales, comunidades, organizaciones sociales, pol\u00edticas y productivas y poblaci\u00f3n en general, para la Actualizaci\u00f3n del Plan de Desarrollo y Ordenamiento Territorial, as\u00ed como del [&hellip;]<\/p>\n","protected":false},"author":1,"featured_media":84,"comment_status":"open","ping_status":"open","sticky":false,"template":"","format":"standard","meta":{"footnotes":""},"categories":[4],"tags":[],"class_list":["post-83","post","type-post","status-publish","format-standard","has-post-thumbnail","hentry","category-noticias"],"_links":{"self":[{"href":"https:\/\/pdot.putumayo.gob.ec\/index.php?rest_route=\/wp\/v2\/posts\/83","targetHints":{"allow":["GET"]}}],"collection":[{"href":"https:\/\/pdot.putumayo.gob.ec\/index.php?rest_route=\/wp\/v2\/posts"}],"about":[{"href":"https:\/\/pdot.putumayo.gob.ec\/index.php?rest_route=\/wp\/v2\/types\/post"}],"author":[{"embeddable":true,"href":"https:\/\/pdot.putumayo.gob.ec\/index.php?rest_route=\/wp\/v2\/users\/1"}],"replies":[{"embeddable":true,"href":"https:\/\/pdot.putumayo.gob.ec\/index.php?rest_route=%2Fwp%2Fv2%2Fcomments&post=83"}],"version-history":[{"count":1,"href":"https:\/\/pdot.putumayo.gob.ec\/index.php?rest_route=\/wp\/v2\/posts\/83\/revisions"}],"predecessor-version":[{"id":88,"href":"https:\/\/pdot.putumayo.gob.ec\/index.php?rest_route=\/wp\/v2\/posts\/83\/revisions\/88"}],"wp:featuredmedia":[{"embeddable":true,"href":"https:\/\/pdot.putumayo.gob.ec\/index.php?rest_route=\/wp\/v2\/media\/84"}],"wp:attachment":[{"href":"https:\/\/pdot.putumayo.gob.ec\/index.php?rest_route=%2Fwp%2Fv2%2Fmedia&parent=83"}],"wp:term":[{"taxonomy":"category","embeddable":true,"href":"https:\/\/pdot.putumayo.gob.ec\/index.php?rest_route=%2Fwp%2Fv2%2Fcategories&post=83"},{"taxonomy":"post_tag","embeddable":true,"href":"https:\/\/pdot.putumayo.gob.ec\/index.php?rest_route=%2Fwp%2Fv2%2Ftags&post=83"}],"curies":[{"name":"wp","href":"https:\/\/api.w.org\/{rel}","templated":true}]}}