{"id":89,"date":"2024-05-17T22:31:00","date_gmt":"2024-05-18T03:31:00","guid":{"rendered":"https:\/\/pdot.putumayo.gob.ec\/?p=89"},"modified":"2024-08-26T22:32:42","modified_gmt":"2024-08-27T03:32:42","slug":"invitacion-a-la-poblacion-a-participar-en-las-asambleas-ciudadanas-de-vision-territorial","status":"publish","type":"post","link":"https:\/\/pdot.putumayo.gob.ec\/?p=89","title":{"rendered":"Invitaci\u00f3n a la poblaci\u00f3n a participar en las Asambleas ciudadanas de Visi\u00f3n Territorial"},"content":{"rendered":"\n<p>El Equipo consultor&nbsp;<strong><em>TeamSerconsu&nbsp;<\/em><\/strong>invita a la poblaci\u00f3n civil, actores sociales, autoridades, l\u00edderes barriales, comunidades y organizaciones sociales, pol\u00edticas y productivas a participar en las Asambleas ciudadanas de Visi\u00f3n territorial para realizar el levantamiento de informaci\u00f3n territorial y obtener una visi\u00f3n actualizada y precisa de la situaci\u00f3n del cant\u00f3n Putumayo.&nbsp;<\/p>\n\n\n\n<p>Estos talleres ser\u00e1n realizados en los siguientes lugares y fechas:<\/p>\n\n\n\n<figure class=\"wp-block-image size-large wp-duotone-unset-1\"><img fetchpriority=\"high\" decoding=\"async\" width=\"1024\" height=\"1024\" src=\"https:\/\/pdot.putumayo.gob.ec\/wp-content\/uploads\/2024\/08\/Invitacion_03-1024x1024.jpg\" alt=\"\" class=\"wp-image-92\" srcset=\"https:\/\/pdot.putumayo.gob.ec\/wp-content\/uploads\/2024\/08\/Invitacion_03-1024x1024.jpg 1024w, https:\/\/pdot.putumayo.gob.ec\/wp-content\/uploads\/2024\/08\/Invitacion_03-300x300.jpg 300w, https:\/\/pdot.putumayo.gob.ec\/wp-content\/uploads\/2024\/08\/Invitacion_03-150x150.jpg 150w, https:\/\/pdot.putumayo.gob.ec\/wp-content\/uploads\/2024\/08\/Invitacion_03-768x768.jpg 768w, https:\/\/pdot.putumayo.gob.ec\/wp-content\/uploads\/2024\/08\/Invitacion_03-1536x1536.jpg 1536w, https:\/\/pdot.putumayo.gob.ec\/wp-content\/uploads\/2024\/08\/Invitacion_03-2048x2048.jpg 2048w\" sizes=\"(max-width: 1024px) 100vw, 1024px\" \/><\/figure>\n\n\n\n<figure class=\"wp-block-image size-large wp-duotone-unset-2\"><img decoding=\"async\" width=\"1024\" height=\"1024\" src=\"https:\/\/pdot.putumayo.gob.ec\/wp-content\/uploads\/2024\/08\/Invitacion_01-1024x1024.jpg\" alt=\"\" class=\"wp-image-90\" srcset=\"https:\/\/pdot.putumayo.gob.ec\/wp-content\/uploads\/2024\/08\/Invitacion_01-1024x1024.jpg 1024w, https:\/\/pdot.putumayo.gob.ec\/wp-content\/uploads\/2024\/08\/Invitacion_01-300x300.jpg 300w, https:\/\/pdot.putumayo.gob.ec\/wp-content\/uploads\/2024\/08\/Invitacion_01-150x150.jpg 150w, https:\/\/pdot.putumayo.gob.ec\/wp-content\/uploads\/2024\/08\/Invitacion_01-768x768.jpg 768w, https:\/\/pdot.putumayo.gob.ec\/wp-content\/uploads\/2024\/08\/Invitacion_01-1536x1536.jpg 1536w, https:\/\/pdot.putumayo.gob.ec\/wp-content\/uploads\/2024\/08\/Invitacion_01-2048x2048.jpg 2048w\" sizes=\"(max-width: 1024px) 100vw, 1024px\" \/><\/figure>\n\n\n\n<figure class=\"wp-block-image size-large wp-duotone-unset-3\"><img decoding=\"async\" width=\"1024\" height=\"1024\" src=\"https:\/\/pdot.putumayo.gob.ec\/wp-content\/uploads\/2024\/08\/Invitacion_02-1024x1024.jpg\" alt=\"\" class=\"wp-image-91\" srcset=\"https:\/\/pdot.putumayo.gob.ec\/wp-content\/uploads\/2024\/08\/Invitacion_02-1024x1024.jpg 1024w, https:\/\/pdot.putumayo.gob.ec\/wp-content\/uploads\/2024\/08\/Invitacion_02-300x300.jpg 300w, https:\/\/pdot.putumayo.gob.ec\/wp-content\/uploads\/2024\/08\/Invitacion_02-150x150.jpg 150w, https:\/\/pdot.putumayo.gob.ec\/wp-content\/uploads\/2024\/08\/Invitacion_02-768x768.jpg 768w, https:\/\/pdot.putumayo.gob.ec\/wp-content\/uploads\/2024\/08\/Invitacion_02-1536x1536.jpg 1536w, https:\/\/pdot.putumayo.gob.ec\/wp-content\/uploads\/2024\/08\/Invitacion_02-2048x2048.jpg 2048w\" sizes=\"(max-width: 1024px) 100vw, 1024px\" \/><\/figure>\n\n\n\n<p><\/p>\n","protected":false},"excerpt":{"rendered":"<p>El Equipo consultor&nbsp;TeamSerconsu&nbsp;invita a la poblaci\u00f3n civil, actores sociales, autoridades, l\u00edderes barriales, comunidades y organizaciones sociales, pol\u00edticas y productivas a participar en las Asambleas ciudadanas de Visi\u00f3n territorial para realizar el levantamiento de informaci\u00f3n territorial y obtener una visi\u00f3n actualizada y precisa de la situaci\u00f3n del cant\u00f3n Putumayo.&nbsp; Estos talleres ser\u00e1n realizados en los siguientes [&hellip;]<\/p>\n","protected":false},"author":1,"featured_media":92,"comment_status":"open","ping_status":"open","sticky":false,"template":"","format":"standard","meta":{"footnotes":""},"categories":[4],"tags":[],"class_list":["post-89","post","type-post","status-publish","format-standard","has-post-thumbnail","hentry","category-noticias"],"_links":{"self":[{"href":"https:\/\/pdot.putumayo.gob.ec\/index.php?rest_route=\/wp\/v2\/posts\/89","targetHints":{"allow":["GET"]}}],"collection":[{"href":"https:\/\/pdot.putumayo.gob.ec\/index.php?rest_route=\/wp\/v2\/posts"}],"about":[{"href":"https:\/\/pdot.putumayo.gob.ec\/index.php?rest_route=\/wp\/v2\/types\/post"}],"author":[{"embeddable":true,"href":"https:\/\/pdot.putumayo.gob.ec\/index.php?rest_route=\/wp\/v2\/users\/1"}],"replies":[{"embeddable":true,"href":"https:\/\/pdot.putumayo.gob.ec\/index.php?rest_route=%2Fwp%2Fv2%2Fcomments&post=89"}],"version-history":[{"count":2,"href":"https:\/\/pdot.putumayo.gob.ec\/index.php?rest_route=\/wp\/v2\/posts\/89\/revisions"}],"predecessor-version":[{"id":94,"href":"https:\/\/pdot.putumayo.gob.ec\/index.php?rest_route=\/wp\/v2\/posts\/89\/revisions\/94"}],"wp:featuredmedia":[{"embeddable":true,"href":"https:\/\/pdot.putumayo.gob.ec\/index.php?rest_route=\/wp\/v2\/media\/92"}],"wp:attachment":[{"href":"https:\/\/pdot.putumayo.gob.ec\/index.php?rest_route=%2Fwp%2Fv2%2Fmedia&parent=89"}],"wp:term":[{"taxonomy":"category","embeddable":true,"href":"https:\/\/pdot.putumayo.gob.ec\/index.php?rest_route=%2Fwp%2Fv2%2Fcategories&post=89"},{"taxonomy":"post_tag","embeddable":true,"href":"https:\/\/pdot.putumayo.gob.ec\/index.php?rest_route=%2Fwp%2Fv2%2Ftags&post=89"}],"curies":[{"name":"wp","href":"https:\/\/api.w.org\/{rel}","templated":true}]}}